{"id":12393,"date":"2026-03-11T13:11:45","date_gmt":"2026-03-11T10:11:45","guid":{"rendered":"https:\/\/diderot.ac.ke\/?p=12393"},"modified":"2026-03-11T13:15:30","modified_gmt":"2026-03-11T10:15:30","slug":"carnaval-2026-au-lfidd-une-envolee-de-creativite","status":"publish","type":"post","link":"https:\/\/diderot.ac.ke\/fr\/carnaval-2026-au-lfidd-une-envolee-de-creativite\/","title":{"rendered":"Carnaval 2026 au LFIDD : une envol\u00e9e de cr\u00e9ativit\u00e9"},"content":{"rendered":"<p data-start=\"2030\" data-end=\"2199\">Le 20 f\u00e9vrier, les \u00e9l\u00e8ves de la TPS au CE2 du <strong data-start=\"2076\" data-end=\"2117\"><span class=\"hover:entity-accent entity-underline inline cursor-pointer align-baseline\"><span class=\"whitespace-normal\">Lyc\u00e9e Fran\u00e7ais Denis Diderot de Nairobi<\/span><\/span><\/strong> ont c\u00e9l\u00e9br\u00e9 le Carnaval 2026 autour d\u2019un th\u00e8me plein de po\u00e9sie : <strong data-start=\"2183\" data-end=\"2198\">les oiseaux<\/strong>.<\/p>\n<h3 data-section-id=\"1mn2lx9\" data-start=\"2201\" data-end=\"2231\">Un d\u00e9fil\u00e9 haut en couleurs<\/h3>\n<p data-start=\"2233\" data-end=\"2500\">Pendant plusieurs semaines, les \u00e9l\u00e8ves ont imagin\u00e9 et r\u00e9alis\u00e9 leurs costumes en classe.<br data-start=\"2320\" data-end=\"2323\">Dans une d\u00e9marche cr\u00e9ative et responsable, de nombreux costumes ont \u00e9t\u00e9 fabriqu\u00e9s gr\u00e2ce \u00e0 l\u2019<strong data-start=\"2415\" data-end=\"2428\">upcycling<\/strong>, en utilisant des mat\u00e9riaux recycl\u00e9s et une grande vari\u00e9t\u00e9 de mati\u00e8res.<\/p>\n<p data-start=\"2502\" data-end=\"2702\">Le jour du carnaval, l\u2019\u00e9cole s\u2019est transform\u00e9e en une v\u00e9ritable voli\u00e8re : oiseaux tropicaux, perroquets color\u00e9s, hiboux myst\u00e9rieux et flamants roses ont envahi la cour pour un d\u00e9fil\u00e9 joyeux et festif.<\/p>\n<h3 data-section-id=\"1898c9g\" data-start=\"2704\" data-end=\"2749\">Une f\u00eate attendue par toute la communaut\u00e9<\/h3>\n<p data-start=\"2751\" data-end=\"2767\">Au programme :<\/p>\n<ul data-start=\"2768\" data-end=\"2846\">\n<li data-section-id=\"af58pk\" data-start=\"2768\" data-end=\"2791\">\n<p data-start=\"2770\" data-end=\"2791\">d\u00e9fil\u00e9 des costumes<\/p>\n<\/li>\n<li data-section-id=\"1v0rt1j\" data-start=\"2792\" data-end=\"2812\">\n<p data-start=\"2794\" data-end=\"2812\">musique et danse<\/p>\n<\/li>\n<li data-section-id=\"315apz\" data-start=\"2813\" data-end=\"2846\">\n<p data-start=\"2815\" data-end=\"2846\">moments de partage et de joie<\/p>\n<\/li>\n<\/ul>\n<p data-start=\"2848\" data-end=\"3041\">Le carnaval est chaque ann\u00e9e un moment tr\u00e8s attendu par les \u00e9l\u00e8ves et les familles. Il contribue \u00e0 renforcer les liens au sein de la communaut\u00e9 scolaire et \u00e0 valoriser la cr\u00e9ativit\u00e9 des \u00e9l\u00e8ves.<\/p>\n<p data-start=\"3043\" data-end=\"3150\">Un grand merci aux parents, aux enseignants et aux \u00e9l\u00e8ves qui ont contribu\u00e9 \u00e0 la r\u00e9ussite de cet \u00e9v\u00e9nement.<\/p>\n<p data-start=\"3152\" data-end=\"3293\">Nous remercions \u00e9galement <strong data-start=\"3178\" data-end=\"3191\">Pundaktiv<\/strong> pour avoir offert aux parents un caf\u00e9 avant le carnaval ainsi qu\u2019un d\u00e9licieux go\u00fbter pour les \u00e9l\u00e8ves.<\/p>\n<p data-start=\"3152\" data-end=\"3293\">&nbsp;<\/p>\nngg_shortcode_0_placeholder\n","protected":false},"excerpt":{"rendered":"<p>Le 20 f\u00e9vrier, les \u00e9l\u00e8ves de la TPS au CE2 du Lyc\u00e9e Fran\u00e7ais Denis Diderot de Nairobi ont c\u00e9l\u00e9br\u00e9 le Carnaval 2026 autour d\u2019un th\u00e8me plein de po\u00e9sie : les oiseaux. Un d\u00e9fil\u00e9 haut en couleurs Pendant plusieurs semaines, les \u00e9l\u00e8ves ont imagin\u00e9 et r\u00e9alis\u00e9 leurs costumes en classe.Dans une d\u00e9marche cr\u00e9ative et responsable, de&hellip;<\/p>\n","protected":false},"author":13,"featured_media":12272,"comment_status":"open","ping_status":"open","sticky":false,"template":"","format":"standard","meta":{"ngg_post_thumbnail":0,"footnotes":""},"categories":[170],"tags":[219,494,495,496,499,497,460,439,459,498],"thb-sponsors":[],"class_list":["post-12393","post","type-post","status-publish","format-standard","has-post-thumbnail","hentry","category-actualites","tag-aefe","tag-carnaval-ecole","tag-carnaval-lfidd","tag-carnaval-scolaire","tag-communaute-scolaire-nairobi","tag-creativite-enfants","tag-ecole-francaise-internationale-kenya","tag-ecole-francaise-nairobi","tag-lycee-francais-denis-diderot","tag-upcycling-ecole"],"_links":{"self":[{"href":"https:\/\/diderot.ac.ke\/fr\/wp-json\/wp\/v2\/posts\/12393","targetHints":{"allow":["GET"]}}],"collection":[{"href":"https:\/\/diderot.ac.ke\/fr\/wp-json\/wp\/v2\/posts"}],"about":[{"href":"https:\/\/diderot.ac.ke\/fr\/wp-json\/wp\/v2\/types\/post"}],"author":[{"embeddable":true,"href":"https:\/\/diderot.ac.ke\/fr\/wp-json\/wp\/v2\/users\/13"}],"replies":[{"embeddable":true,"href":"https:\/\/diderot.ac.ke\/fr\/wp-json\/wp\/v2\/comments?post=12393"}],"version-history":[{"count":1,"href":"https:\/\/diderot.ac.ke\/fr\/wp-json\/wp\/v2\/posts\/12393\/revisions"}],"predecessor-version":[{"id":12394,"href":"https:\/\/diderot.ac.ke\/fr\/wp-json\/wp\/v2\/posts\/12393\/revisions\/12394"}],"wp:featuredmedia":[{"embeddable":true,"href":"https:\/\/diderot.ac.ke\/fr\/wp-json\/wp\/v2\/media\/12272"}],"wp:attachment":[{"href":"https:\/\/diderot.ac.ke\/fr\/wp-json\/wp\/v2\/media?parent=12393"}],"wp:term":[{"taxonomy":"category","embeddable":true,"href":"https:\/\/diderot.ac.ke\/fr\/wp-json\/wp\/v2\/categories?post=12393"},{"taxonomy":"post_tag","embeddable":true,"href":"https:\/\/diderot.ac.ke\/fr\/wp-json\/wp\/v2\/tags?post=12393"},{"taxonomy":"thb-sponsors","embeddable":true,"href":"https:\/\/diderot.ac.ke\/fr\/wp-json\/wp\/v2\/thb-sponsors?post=12393"}],"curies":[{"name":"wp","href":"https:\/\/api.w.org\/{rel}","templated":true}]}}