{"id":12571,"date":"2026-03-31T09:50:32","date_gmt":"2026-03-31T06:50:32","guid":{"rendered":"https:\/\/diderot.ac.ke\/?p=12571"},"modified":"2026-03-31T10:57:23","modified_gmt":"2026-03-31T07:57:23","slug":"semaine-de-la-presse-une-immersion-au-coeur-du-journalisme-pour-les-eleves-du-lfidd","status":"publish","type":"post","link":"https:\/\/diderot.ac.ke\/fr\/semaine-de-la-presse-une-immersion-au-coeur-du-journalisme-pour-les-eleves-du-lfidd\/","title":{"rendered":"Semaine de la Presse : une immersion au c\u0153ur du journalisme pour les \u00e9l\u00e8ves du LFIDD"},"content":{"rendered":"<p data-start=\"242\" data-end=\"514\">Dans le cadre de la Semaine de la Presse, les \u00e9l\u00e8ves de CM1 et CM2 du <em data-start=\"316\" data-end=\"371\">Lyc\u00e9e Fran\u00e7ais International Denis Diderot de Nairobi<\/em>, \u00e9cole internationale \u00e0 Nairobi et membre du r\u00e9seau AEFE, ont eu l\u2019opportunit\u00e9 exceptionnelle de visiter le studio de RFI Kiswahili.<\/p>\n<p data-start=\"516\" data-end=\"715\">Cette immersion au sein d\u2019un m\u00e9dia reconnu leur a permis de d\u00e9couvrir concr\u00e8tement les m\u00e9tiers du journalisme et de la radio, en \u00e9changeant directement avec des professionnels de l\u2019information.<\/p>\n<p data-start=\"717\" data-end=\"932\">Point fort de cette exp\u00e9rience : les \u00e9l\u00e8ves ont relev\u00e9 un v\u00e9ritable d\u00e9fi en conditions r\u00e9elles. En seulement 10 minutes, ils ont d\u00fb r\u00e9diger un court journal, s\u2019entra\u00eener \u00e0 l\u2019oral, puis proc\u00e9der \u00e0 l\u2019enregistrement.<\/p>\n<p data-start=\"934\" data-end=\"1139\">R\u00e9partition des r\u00f4les, gestion du stress, prise de parole au micro, technique : cette activit\u00e9 a mobilis\u00e9 de nombreuses comp\u00e9tences essentielles, au c\u0153ur de l\u2019\u00e9ducation aux m\u00e9dias et \u00e0 l\u2019information.<\/p>\n<blockquote>\n<p data-start=\"1141\" data-end=\"1274\">Il est d\u00e9sormais possible de<a href=\"https:\/\/diderot.ac.ke\/wp-content\/uploads\/2026\/03\/Lycee-Francais-25-Mars-2026.mp3\"> r\u00e9\u00e9couter leur podcast<\/a>, t\u00e9moignage concret de leur engagement et de cette exp\u00e9rience immersive.<\/p>\n<\/blockquote>\n<p data-start=\"1276\" data-end=\"1512\">Au sein du LFIDD, lyc\u00e9e fran\u00e7ais \u00e0 Nairobi, ce type de projet s\u2019inscrit pleinement dans une d\u00e9marche d\u2019\u00e9ducation internationale exigeante, visant \u00e0 d\u00e9velopper l\u2019esprit critique, la cr\u00e9ativit\u00e9 et la confiance en soi des \u00e9l\u00e8ves.<\/p>\n<p data-start=\"1514\" data-end=\"1664\">Une exp\u00e9rience marquante qui illustre l\u2019engagement de l\u2019\u00e9tablissement \u00e0 proposer des apprentissages concrets, en lien avec les enjeux contemporains.<\/p>\n<p data-start=\"1514\" data-end=\"1664\">&nbsp;<\/p>\nngg_shortcode_0_placeholder\n","protected":false},"excerpt":{"rendered":"<p>Dans le cadre de la Semaine de la Presse, les \u00e9l\u00e8ves de CM1 et CM2 du Lyc\u00e9e Fran\u00e7ais International Denis Diderot de Nairobi, \u00e9cole internationale \u00e0 Nairobi et membre du r\u00e9seau AEFE, ont eu l\u2019opportunit\u00e9 exceptionnelle de visiter le studio de RFI Kiswahili. Cette immersion au sein d\u2019un m\u00e9dia reconnu leur a permis de d\u00e9couvrir&hellip;<\/p>\n","protected":false},"author":13,"featured_media":12572,"comment_status":"open","ping_status":"open","sticky":false,"template":"","format":"standard","meta":{"ngg_post_thumbnail":0,"footnotes":""},"categories":[170],"tags":[550,412,567,568,232,570,569,566],"thb-sponsors":[],"class_list":["post-12571","post","type-post","status-publish","format-standard","has-post-thumbnail","hentry","category-actualites","tag-aefe-nairobi","tag-ecole-internationale-nairobi","tag-education-aux-medias","tag-journalisme-scolaire","tag-lycee-francais-nairobi","tag-podcast-eleves","tag-rfi-kiswahili","tag-semaine-de-la-presse"],"_links":{"self":[{"href":"https:\/\/diderot.ac.ke\/fr\/wp-json\/wp\/v2\/posts\/12571","targetHints":{"allow":["GET"]}}],"collection":[{"href":"https:\/\/diderot.ac.ke\/fr\/wp-json\/wp\/v2\/posts"}],"about":[{"href":"https:\/\/diderot.ac.ke\/fr\/wp-json\/wp\/v2\/types\/post"}],"author":[{"embeddable":true,"href":"https:\/\/diderot.ac.ke\/fr\/wp-json\/wp\/v2\/users\/13"}],"replies":[{"embeddable":true,"href":"https:\/\/diderot.ac.ke\/fr\/wp-json\/wp\/v2\/comments?post=12571"}],"version-history":[{"count":1,"href":"https:\/\/diderot.ac.ke\/fr\/wp-json\/wp\/v2\/posts\/12571\/revisions"}],"predecessor-version":[{"id":12586,"href":"https:\/\/diderot.ac.ke\/fr\/wp-json\/wp\/v2\/posts\/12571\/revisions\/12586"}],"wp:featuredmedia":[{"embeddable":true,"href":"https:\/\/diderot.ac.ke\/fr\/wp-json\/wp\/v2\/media\/12572"}],"wp:attachment":[{"href":"https:\/\/diderot.ac.ke\/fr\/wp-json\/wp\/v2\/media?parent=12571"}],"wp:term":[{"taxonomy":"category","embeddable":true,"href":"https:\/\/diderot.ac.ke\/fr\/wp-json\/wp\/v2\/categories?post=12571"},{"taxonomy":"post_tag","embeddable":true,"href":"https:\/\/diderot.ac.ke\/fr\/wp-json\/wp\/v2\/tags?post=12571"},{"taxonomy":"thb-sponsors","embeddable":true,"href":"https:\/\/diderot.ac.ke\/fr\/wp-json\/wp\/v2\/thb-sponsors?post=12571"}],"curies":[{"name":"wp","href":"https:\/\/api.w.org\/{rel}","templated":true}]}}