{"id":3024,"date":"2022-03-10T12:25:04","date_gmt":"2022-03-10T09:25:04","guid":{"rendered":"http:\/\/diderot.ac.ke\/festival-du-court-metrage-au-lfidd\/"},"modified":"2022-09-06T19:04:42","modified_gmt":"2022-09-06T16:04:42","slug":"festival-du-court-metrage-au-lfidd","status":"publish","type":"post","link":"https:\/\/diderot.ac.ke\/fr\/festival-du-court-metrage-au-lfidd\/","title":{"rendered":"Festival du court m\u00e9trage"},"content":{"rendered":"<p style=\"text-align: justify;\">Vendredi 18 mars, la productrice, r\u00e9alisatrice et actrice k\u00e9nyane Krysteen Savane, et sa coll\u00e8gue sc\u00e9nariste et r\u00e9alisatrice Oprah Oyugi ont rencontr\u00e9 les classes de CM1A (M. Lagouche) et CM1B (Mme Morhain).<\/p>\n<p style=\"text-align: justify;\">Ils ont r\u00e9pondu aux nombreuses questions de nos apprentis journalistes. Passionn\u00e9s de cin\u00e9ma, ils pr\u00e9parent d\u00e9j\u00e0 le reportage de leurs \u00e9changes pour la webradio CM1.<br \/>\nN&rsquo;h\u00e9sitez pas \u00e0 voir ou revoir le court m\u00e9trage \u00ab\u00a0Malika\u00a0\u00bb r\u00e9alis\u00e9 par Krysteen Savane et visionn\u00e9 par les \u00e9tudiants la semaine derni\u00e8re, dans le cadre du Festival du court m\u00e9trage : <a href=\"http:\/\/www.viewpure.com\/pAllXQuqYMI?start=0&amp;end=0\">\/ ViewPure<\/a><\/p>\n<p><img loading=\"lazy\" decoding=\"async\" class=\" wp-image-2784 aligncenter lazyload\" src=\"data:image\/gif;base64,R0lGODlhAQABAAAAACH5BAEKAAEALAAAAAABAAEAAAICTAEAOw==\" data-src=\"https:\/\/diderot.ac.ke\/wp-content\/uploads\/2022\/04\/Fete-du-court-metrage-2-300x169.jpg\" alt=\"\" width=\"377\" height=\"213\" data-sizes=\"auto\" data-srcset=\"https:\/\/diderot.ac.ke\/wp-content\/uploads\/2022\/04\/Fete-du-court-metrage-2-300x169.jpg 300w, https:\/\/diderot.ac.ke\/wp-content\/uploads\/2022\/04\/Fete-du-court-metrage-2-370x208.jpg 370w, https:\/\/diderot.ac.ke\/wp-content\/uploads\/2022\/04\/Fete-du-court-metrage-2-20x11.jpg 20w, https:\/\/diderot.ac.ke\/wp-content\/uploads\/2022\/04\/Fete-du-court-metrage-2-185x104.jpg 185w, https:\/\/diderot.ac.ke\/wp-content\/uploads\/2022\/04\/Fete-du-court-metrage-2-85x48.jpg 85w\" sizes=\"auto, (max-width: 377px) 100vw, 377px\" \/><\/p>\n<p>&nbsp;<\/p>\n","protected":false},"excerpt":{"rendered":"<p>Vendredi 18 mars, la productrice, r\u00e9alisatrice et actrice k\u00e9nyane Krysteen Savane, et sa coll\u00e8gue sc\u00e9nariste et r\u00e9alisatrice Oprah Oyugi ont rencontr\u00e9 les classes de CM1A (M. Lagouche) et CM1B (Mme Morhain). Ils ont r\u00e9pondu aux nombreuses questions de nos apprentis journalistes. Passionn\u00e9s de cin\u00e9ma, ils pr\u00e9parent d\u00e9j\u00e0 le reportage de leurs \u00e9changes pour la webradio&hellip;<\/p>\n","protected":false},"author":11,"featured_media":2788,"comment_status":"open","ping_status":"open","sticky":false,"template":"","format":"gallery","meta":{"ngg_post_thumbnail":0,"footnotes":""},"categories":[170],"tags":[],"thb-sponsors":[],"class_list":["post-3024","post","type-post","status-publish","format-gallery","has-post-thumbnail","hentry","category-actualites","post_format-post-format-gallery"],"_links":{"self":[{"href":"https:\/\/diderot.ac.ke\/fr\/wp-json\/wp\/v2\/posts\/3024","targetHints":{"allow":["GET"]}}],"collection":[{"href":"https:\/\/diderot.ac.ke\/fr\/wp-json\/wp\/v2\/posts"}],"about":[{"href":"https:\/\/diderot.ac.ke\/fr\/wp-json\/wp\/v2\/types\/post"}],"author":[{"embeddable":true,"href":"https:\/\/diderot.ac.ke\/fr\/wp-json\/wp\/v2\/users\/11"}],"replies":[{"embeddable":true,"href":"https:\/\/diderot.ac.ke\/fr\/wp-json\/wp\/v2\/comments?post=3024"}],"version-history":[{"count":7,"href":"https:\/\/diderot.ac.ke\/fr\/wp-json\/wp\/v2\/posts\/3024\/revisions"}],"predecessor-version":[{"id":3734,"href":"https:\/\/diderot.ac.ke\/fr\/wp-json\/wp\/v2\/posts\/3024\/revisions\/3734"}],"wp:featuredmedia":[{"embeddable":true,"href":"https:\/\/diderot.ac.ke\/fr\/wp-json\/wp\/v2\/media\/2788"}],"wp:attachment":[{"href":"https:\/\/diderot.ac.ke\/fr\/wp-json\/wp\/v2\/media?parent=3024"}],"wp:term":[{"taxonomy":"category","embeddable":true,"href":"https:\/\/diderot.ac.ke\/fr\/wp-json\/wp\/v2\/categories?post=3024"},{"taxonomy":"post_tag","embeddable":true,"href":"https:\/\/diderot.ac.ke\/fr\/wp-json\/wp\/v2\/tags?post=3024"},{"taxonomy":"thb-sponsors","embeddable":true,"href":"https:\/\/diderot.ac.ke\/fr\/wp-json\/wp\/v2\/thb-sponsors?post=3024"}],"curies":[{"name":"wp","href":"https:\/\/api.w.org\/{rel}","templated":true}]}}