{"id":4943,"date":"2022-12-05T14:49:53","date_gmt":"2022-12-05T11:49:53","guid":{"rendered":"https:\/\/diderot.ac.ke\/?p=4943"},"modified":"2022-12-08T08:18:43","modified_gmt":"2022-12-08T05:18:43","slug":"concours-logo-et-nom-podcast","status":"publish","type":"post","link":"https:\/\/diderot.ac.ke\/fr\/concours-logo-et-nom-podcast\/","title":{"rendered":"Concours logo et nom Podcast"},"content":{"rendered":"<p>Pendant la semaine des lyc\u00e9es fran\u00e7ais du monde, plac\u00e9e sous le th\u00e8me\u00a0\u00ab\u00a0S\u2019informer dans un monde connect\u00e9 pour former des citoyennes et citoyens \u00e9clair\u00e9s\u00a0\u00bb, le jury de s\u00e9lection s\u2019est r\u00e9uni et a le plaisir d\u2019annoncer les laur\u00e9ats :<\/p>\n<ul>\n<li>S\u00e9van (CM1) et Mah\u00e9 (CE1) : laur\u00e9ats pour le logo de la web-radio<\/li>\n<\/ul>\n<p><img loading=\"lazy\" decoding=\"async\" class=\"wp-image-4946 aligncenter lazyload\" src=\"data:image\/gif;base64,R0lGODlhAQABAAAAACH5BAEKAAEALAAAAAABAAEAAAICTAEAOw==\" data-src=\"https:\/\/diderot.ac.ke\/wp-content\/uploads\/2022\/12\/prop4.png\" alt=\"\" width=\"167\" height=\"167\" data-sizes=\"auto\" data-srcset=\"https:\/\/diderot.ac.ke\/wp-content\/uploads\/2022\/12\/prop4.png 240w, https:\/\/diderot.ac.ke\/wp-content\/uploads\/2022\/12\/prop4-150x150.png 150w, https:\/\/diderot.ac.ke\/wp-content\/uploads\/2022\/12\/prop4-90x90.png 90w, https:\/\/diderot.ac.ke\/wp-content\/uploads\/2022\/12\/prop4-20x20.png 20w, https:\/\/diderot.ac.ke\/wp-content\/uploads\/2022\/12\/prop4-48x48.png 48w\" sizes=\"auto, (max-width: 167px) 100vw, 167px\" \/><\/p>\n<ul>\n<li>Lynca (CM1-CM2) : laur\u00e9at pour le nom de la web-radio<\/li>\n<\/ul>\n<p><img loading=\"lazy\" decoding=\"async\" class=\"wp-image-4944 aligncenter lazyload\" src=\"data:image\/gif;base64,R0lGODlhAQABAAAAACH5BAEKAAEALAAAAAABAAEAAAICTAEAOw==\" data-src=\"https:\/\/diderot.ac.ke\/wp-content\/uploads\/2022\/12\/propLynca2-235x300.png\" alt=\"\" width=\"114\" height=\"146\" data-sizes=\"auto\" data-srcset=\"https:\/\/diderot.ac.ke\/wp-content\/uploads\/2022\/12\/propLynca2-235x300.png 235w, https:\/\/diderot.ac.ke\/wp-content\/uploads\/2022\/12\/propLynca2-20x26.png 20w, https:\/\/diderot.ac.ke\/wp-content\/uploads\/2022\/12\/propLynca2-38x48.png 38w\" sizes=\"auto, (max-width: 114px) 100vw, 114px\" \/><\/p>\n<p>Gr\u00e2ce \u00e0 la fusion de leurs cr\u00e9ations, nous avons d\u00e9sormais un magnifique logo et un nom \u00e9vocateur : Jambo Kenya\u00a0web-radio !<\/p>\n<p><img loading=\"lazy\" decoding=\"async\" class=\"size-full wp-image-4952 aligncenter lazyload\" src=\"data:image\/gif;base64,R0lGODlhAQABAAAAACH5BAEKAAEALAAAAAABAAEAAAICTAEAOw==\" data-src=\"https:\/\/diderot.ac.ke\/wp-content\/uploads\/2022\/12\/logopodcast.png\" alt=\"\" width=\"280\" height=\"240\" data-sizes=\"auto\" data-srcset=\"https:\/\/diderot.ac.ke\/wp-content\/uploads\/2022\/12\/logopodcast.png 280w, https:\/\/diderot.ac.ke\/wp-content\/uploads\/2022\/12\/logopodcast-20x17.png 20w, https:\/\/diderot.ac.ke\/wp-content\/uploads\/2022\/12\/logopodcast-185x159.png 185w, https:\/\/diderot.ac.ke\/wp-content\/uploads\/2022\/12\/logopodcast-56x48.png 56w\" sizes=\"auto, (max-width: 280px) 100vw, 280px\" \/><\/p>\n<p>Le 2\u00e8me prix du jury a \u00e9t\u00e9 attribu\u00e9 \u00e0 Samuella (6\u00e8me B).<\/p>\n<p>Le 3\u00e8me prix du jury a \u00e9t\u00e9 attribu\u00e9 \u00e0 Gianna (CM1 B).<\/p>\n<p>Prix sp\u00e9cial du jury pour In\u00e8s (CM2A).<\/p>\n<p>Bravo \u00e0 tous pour votre cr\u00e9ativit\u00e9 !<\/p>\n<p>La webradio du Lyc\u00e9e Fran\u00e7ais Denis Diderot est officiellement baptis\u00e9e !<\/p>\n<p>Beaucoup de nouveaux podcasts sont d\u00e9j\u00e0 publi\u00e9s, et \u00e0 \u00e9couter sans mod\u00e9ration ! \u00a0Enregistrez la page dans vos favoris pour la consulter r\u00e9guli\u00e8rement car l\u2019ann\u00e9e 2022-2023 sera riche en publications. <a href=\"https:\/\/diderot.ac.ke\/fr\/radio-web\/\" target=\"_blank\" rel=\"noopener\">Lien vers les podcasts<\/a><\/p>\n","protected":false},"excerpt":{"rendered":"<p>Pendant la semaine des lyc\u00e9es fran\u00e7ais du monde, plac\u00e9e sous le th\u00e8me\u00a0\u00ab\u00a0S\u2019informer dans un monde connect\u00e9 pour former des citoyennes et citoyens \u00e9clair\u00e9s\u00a0\u00bb, le jury de s\u00e9lection s\u2019est r\u00e9uni et a le plaisir d\u2019annoncer les laur\u00e9ats : S\u00e9van (CM1) et Mah\u00e9 (CE1) : laur\u00e9ats pour le logo de la web-radio Lynca (CM1-CM2) : laur\u00e9at pour&hellip;<\/p>\n","protected":false},"author":11,"featured_media":5003,"comment_status":"open","ping_status":"open","sticky":false,"template":"","format":"standard","meta":{"ngg_post_thumbnail":0,"footnotes":""},"categories":[170],"tags":[],"thb-sponsors":[],"class_list":["post-4943","post","type-post","status-publish","format-standard","has-post-thumbnail","hentry","category-actualites"],"_links":{"self":[{"href":"https:\/\/diderot.ac.ke\/fr\/wp-json\/wp\/v2\/posts\/4943","targetHints":{"allow":["GET"]}}],"collection":[{"href":"https:\/\/diderot.ac.ke\/fr\/wp-json\/wp\/v2\/posts"}],"about":[{"href":"https:\/\/diderot.ac.ke\/fr\/wp-json\/wp\/v2\/types\/post"}],"author":[{"embeddable":true,"href":"https:\/\/diderot.ac.ke\/fr\/wp-json\/wp\/v2\/users\/11"}],"replies":[{"embeddable":true,"href":"https:\/\/diderot.ac.ke\/fr\/wp-json\/wp\/v2\/comments?post=4943"}],"version-history":[{"count":5,"href":"https:\/\/diderot.ac.ke\/fr\/wp-json\/wp\/v2\/posts\/4943\/revisions"}],"predecessor-version":[{"id":4964,"href":"https:\/\/diderot.ac.ke\/fr\/wp-json\/wp\/v2\/posts\/4943\/revisions\/4964"}],"wp:featuredmedia":[{"embeddable":true,"href":"https:\/\/diderot.ac.ke\/fr\/wp-json\/wp\/v2\/media\/5003"}],"wp:attachment":[{"href":"https:\/\/diderot.ac.ke\/fr\/wp-json\/wp\/v2\/media?parent=4943"}],"wp:term":[{"taxonomy":"category","embeddable":true,"href":"https:\/\/diderot.ac.ke\/fr\/wp-json\/wp\/v2\/categories?post=4943"},{"taxonomy":"post_tag","embeddable":true,"href":"https:\/\/diderot.ac.ke\/fr\/wp-json\/wp\/v2\/tags?post=4943"},{"taxonomy":"thb-sponsors","embeddable":true,"href":"https:\/\/diderot.ac.ke\/fr\/wp-json\/wp\/v2\/thb-sponsors?post=4943"}],"curies":[{"name":"wp","href":"https:\/\/api.w.org\/{rel}","templated":true}]}}