{"id":6366,"date":"2023-10-17T08:36:34","date_gmt":"2023-10-17T05:36:34","guid":{"rendered":"https:\/\/diderot.ac.ke\/?p=6366"},"modified":"2023-10-17T09:28:31","modified_gmt":"2023-10-17T06:28:31","slug":"les-delegues-au-primaire","status":"publish","type":"post","link":"https:\/\/diderot.ac.ke\/fr\/les-delegues-au-primaire\/","title":{"rendered":"Les d\u00e9l\u00e9gu\u00e9s au primaire"},"content":{"rendered":"<p style=\"text-align: justify;\"><b>Apr\u00e8s la rentr\u00e9e, l\u2019heure est \u00e0 l\u2019\u00e9lection des d\u00e9l\u00e9gu\u00e9(e)s\u00a0!<\/b><\/p>\n<p style=\"text-align: justify;\"><span style=\"font-weight: 400;\">Les \u00e9l\u00e8ves du Lyc\u00e9e Denis Diderot ont repris le chemin de l\u2019\u00e9cole d\u00e9but septembre. Apr\u00e8s quelques jours pour s\u2019acclimater \u00e0 leur nouveau professeur et \u00e0 leur nouvelle classe, ceux-ci ont particip\u00e9 \u00e0 l\u2019\u00e9lection des d\u00e9l\u00e9gu\u00e9(e)s au sein de leur classe.\u00a0<\/span><\/p>\n<p style=\"text-align: justify;\"><b><i>Ils racontent\u00a0:\u00a0<\/i><\/b><\/p>\n<p style=\"text-align: justify;\"><span style=\"font-weight: 400;\">\u201c<em> Dans l&rsquo;\u00e9cole, il y a eu l&rsquo;\u00e9lection des d\u00e9l\u00e9gu\u00e9s de classe. Les d\u00e9l\u00e9gu\u00e9s de classe servent \u00e0 repr\u00e9senter la classe et \u00e0 aider le ma\u00eetre ou la ma\u00eetresse. Les candidats font une affiche pour se pr\u00e9senter. Les \u00e9l\u00e8ves mettent leurs votes dans une bo\u00eete (l&rsquo;urne). Les responsables de classe ouvrent (d\u00e9pouillent) les votes. Celui qui a le plus de votes est \u00e9lu d\u00e9l\u00e9gu\u00e9. Celui qui arrive deuxi\u00e8me est \u00e9lu d\u00e9l\u00e9gu\u00e9-suppl\u00e9ant, il remplacera le d\u00e9l\u00e9gu\u00e9 s&rsquo;il n&rsquo;est pas l\u00e0. Les autres candidats, qui n&rsquo;ont pas eu assez de votes, ne sont pas \u00e9lus<\/em>.\u201d<\/span><\/p>\n<p style=\"text-align: justify;\"><b><i>Les affiches de campagne<\/i><\/b><\/p>\n<p style=\"text-align: justify;\"><span style=\"font-weight: 400;\">Afin d\u2019\u00eatre \u00e9lu d\u00e9l\u00e9gu\u00e9, un \u00e9l\u00e8ve doit tout d\u2019abord se pr\u00e9senter aux \u00e9lections, puis faire campagne en cr\u00e9ant une affiche sur laquelle il se pr\u00e9sente, et d\u00e9taille son programme. Celui-ci peut \u00eatre constitu\u00e9 de phrases d\u2019accroche, de moyens de d\u00e9fendre la classe et\/ou les \u00e9l\u00e8ves, de projets \u00e0 mener au cours de l\u2019ann\u00e9e, de suggestions \u00e0 mettre en place au sein de l\u2019\u00e9cole. Les enfants ne manquent pas d&rsquo;id\u00e9es !\u00a0<\/span><\/p>\n<table style=\"height: 345px;\" width=\"539\">\n<tbody>\n<tr>\n<td><img loading=\"lazy\" decoding=\"async\" class=\"wp-image-6369 aligncenter lazyload\" src=\"data:image\/gif;base64,R0lGODlhAQABAAAAACH5BAEKAAEALAAAAAABAAEAAAICTAEAOw==\" data-src=\"https:\/\/diderot.ac.ke\/wp-content\/uploads\/2023\/10\/vote-1-225x300.jpg\" alt=\"\" width=\"251\" height=\"335\" data-sizes=\"auto\" data-srcset=\"https:\/\/diderot.ac.ke\/wp-content\/uploads\/2023\/10\/vote-1-225x300.jpg 225w, https:\/\/diderot.ac.ke\/wp-content\/uploads\/2023\/10\/vote-1-185x247.jpg 185w, https:\/\/diderot.ac.ke\/wp-content\/uploads\/2023\/10\/vote-1-20x27.jpg 20w, https:\/\/diderot.ac.ke\/wp-content\/uploads\/2023\/10\/vote-1-36x48.jpg 36w\" sizes=\"auto, (max-width: 251px) 100vw, 251px\" \/><\/td>\n<td><img loading=\"lazy\" decoding=\"async\" class=\"alignnone wp-image-6367 lazyload\" src=\"data:image\/gif;base64,R0lGODlhAQABAAAAACH5BAEKAAEALAAAAAABAAEAAAICTAEAOw==\" data-src=\"https:\/\/diderot.ac.ke\/wp-content\/uploads\/2023\/10\/vote2-225x300.jpg\" alt=\"\" width=\"249\" height=\"332\" data-sizes=\"auto\" data-srcset=\"https:\/\/diderot.ac.ke\/wp-content\/uploads\/2023\/10\/vote2-225x300.jpg 225w, https:\/\/diderot.ac.ke\/wp-content\/uploads\/2023\/10\/vote2-185x247.jpg 185w, https:\/\/diderot.ac.ke\/wp-content\/uploads\/2023\/10\/vote2-20x27.jpg 20w, https:\/\/diderot.ac.ke\/wp-content\/uploads\/2023\/10\/vote2-36x48.jpg 36w\" sizes=\"auto, (max-width: 249px) 100vw, 249px\" \/><\/td>\n<\/tr>\n<\/tbody>\n<\/table>\n<p><b><i>Les conseils des enfants<\/i><\/b><\/p>\n<p><span style=\"font-weight: 400;\">Au cours de l\u2019ann\u00e9e scolaire, les d\u00e9l\u00e9gu\u00e9(e)s participent \u00e0 cinq conseils des enfants anim\u00e9s par la Directrice. Ils arrivent avec des propositions travaill\u00e9es en classe.\u00a0 Le premier conseil des enfants de cette ann\u00e9e aura lieu le mercredi 15 novembre, sur le th\u00e8me des r\u00e9cr\u00e9ations.<\/span><\/p>\n<p><b><i>Nous vous tiendrons au courant des actions d\u00e9cid\u00e9es\u00a0et mises en place !<\/i><\/b><\/p>\n","protected":false},"excerpt":{"rendered":"<p>Apr\u00e8s la rentr\u00e9e, l\u2019heure est \u00e0 l\u2019\u00e9lection des d\u00e9l\u00e9gu\u00e9(e)s\u00a0! Les \u00e9l\u00e8ves du Lyc\u00e9e Denis Diderot ont repris le chemin de l\u2019\u00e9cole d\u00e9but septembre. Apr\u00e8s quelques jours pour s\u2019acclimater \u00e0 leur nouveau professeur et \u00e0 leur nouvelle classe, ceux-ci ont particip\u00e9 \u00e0 l\u2019\u00e9lection des d\u00e9l\u00e9gu\u00e9(e)s au sein de leur classe.\u00a0 Ils racontent\u00a0:\u00a0 \u201c Dans l&rsquo;\u00e9cole, il&hellip;<\/p>\n","protected":false},"author":11,"featured_media":6374,"comment_status":"open","ping_status":"open","sticky":false,"template":"","format":"standard","meta":{"ngg_post_thumbnail":0,"footnotes":""},"categories":[170],"tags":[],"thb-sponsors":[],"class_list":["post-6366","post","type-post","status-publish","format-standard","has-post-thumbnail","hentry","category-actualites"],"_links":{"self":[{"href":"https:\/\/diderot.ac.ke\/fr\/wp-json\/wp\/v2\/posts\/6366","targetHints":{"allow":["GET"]}}],"collection":[{"href":"https:\/\/diderot.ac.ke\/fr\/wp-json\/wp\/v2\/posts"}],"about":[{"href":"https:\/\/diderot.ac.ke\/fr\/wp-json\/wp\/v2\/types\/post"}],"author":[{"embeddable":true,"href":"https:\/\/diderot.ac.ke\/fr\/wp-json\/wp\/v2\/users\/11"}],"replies":[{"embeddable":true,"href":"https:\/\/diderot.ac.ke\/fr\/wp-json\/wp\/v2\/comments?post=6366"}],"version-history":[{"count":2,"href":"https:\/\/diderot.ac.ke\/fr\/wp-json\/wp\/v2\/posts\/6366\/revisions"}],"predecessor-version":[{"id":6372,"href":"https:\/\/diderot.ac.ke\/fr\/wp-json\/wp\/v2\/posts\/6366\/revisions\/6372"}],"wp:featuredmedia":[{"embeddable":true,"href":"https:\/\/diderot.ac.ke\/fr\/wp-json\/wp\/v2\/media\/6374"}],"wp:attachment":[{"href":"https:\/\/diderot.ac.ke\/fr\/wp-json\/wp\/v2\/media?parent=6366"}],"wp:term":[{"taxonomy":"category","embeddable":true,"href":"https:\/\/diderot.ac.ke\/fr\/wp-json\/wp\/v2\/categories?post=6366"},{"taxonomy":"post_tag","embeddable":true,"href":"https:\/\/diderot.ac.ke\/fr\/wp-json\/wp\/v2\/tags?post=6366"},{"taxonomy":"thb-sponsors","embeddable":true,"href":"https:\/\/diderot.ac.ke\/fr\/wp-json\/wp\/v2\/thb-sponsors?post=6366"}],"curies":[{"name":"wp","href":"https:\/\/api.w.org\/{rel}","templated":true}]}}