{"id":7124,"date":"2024-02-19T16:53:01","date_gmt":"2024-02-19T13:53:01","guid":{"rendered":"https:\/\/diderot.ac.ke\/?p=7124"},"modified":"2024-02-20T17:20:15","modified_gmt":"2024-02-20T14:20:15","slug":"la-ferme-lieu-dapprentissage-hors-les-murs-de-nos-cm2","status":"publish","type":"post","link":"https:\/\/diderot.ac.ke\/fr\/la-ferme-lieu-dapprentissage-hors-les-murs-de-nos-cm2\/","title":{"rendered":"La ferme, lieu d\u2019apprentissage hors-les-murs de nos CM2"},"content":{"rendered":"<p style=\"text-align: justify;\"><span style=\"font-weight: 400;\">Pendant quatre jours, du 6 au 9 mars 2024, nos \u00e9l\u00e8ves de CM2 ont pu b\u00e9n\u00e9ficier d\u2019une classe verte \u00e0 Kembu Farm. Leurs enseignantes, Mme Boulanger et Mme Longin, ont veill\u00e9 \u00e0 ce que les activit\u00e9s propos\u00e9es soient en lien avec les th\u00e9matiques abord\u00e9es en classe, afin de lier apprentissage th\u00e9orique et pratique.\u00a0<\/span><\/p>\n<p style=\"text-align: justify;\"><span style=\"font-weight: 400;\">Apr\u00e8s un d\u00e9part aux aurores, nos \u00e9l\u00e8ves ont d\u00e9marr\u00e9 leur programme par la fabrication de pain et de beurre, uniquement avec les produits de la ferme. S\u2019en est suivi une visite guid\u00e9e de deux jeunes for\u00eats \u2013 une exploitation d\u2019eucalyptus et une for\u00eat de reboisement d\u2019essences indig\u00e8nes \u2013 au cours de laquelle ils ont pu observer nombre de papillons, chenilles, sauterelles, phasmes et plein d\u2019autres esp\u00e8ces.<\/span><\/p>\n<p style=\"text-align: justify;\"><span style=\"font-weight: 400;\">Le second jour a commenc\u00e9 par la r\u00e9colte des \u0153ufs pour le petit-d\u00e9jeuner. Apr\u00e8s les poules, ce sont aux moutons que nos \u00e9l\u00e8ves ont rendu visite pour observer le processus de fabrication de la laine: de la tonte aux techniques de tricot, en passant par le cadrage et le filage de la laine. Au cours de l\u2019apr\u00e8s-midi, les CM2 ont pu planter des arbres, s\u2019essayer au tir \u00e0 l\u2019arc et se d\u00e9penser lors d\u2019une course d\u2019obstacles. La soir\u00e9e fut, elle, rythm\u00e9e par diff\u00e9rents jeux ainsi que des chants autour d\u2019un feu de bois.<\/span><\/p>\n<p style=\"text-align: justify;\"><span style=\"font-weight: 400;\">Le troisi\u00e8me jour, nos \u00e9l\u00e8ves ont entrepris l\u2019ascension du mont <\/span><i><span style=\"font-weight: 400;\">Kiplombe<\/span><\/i><span style=\"font-weight: 400;\">, qu\u2019ils ont termin\u00e9e en une heure et demie. Au cours de celle-ci, ils ont appris \u00e0 nommer diff\u00e9rentes esp\u00e8ces d\u2019arbres et de plantes, mais ont \u00e9galement appris leurs b\u00e9n\u00e9fices (leur utilisation pour la m\u00e9decine, les produits d\u2019hygi\u00e8ne, les r\u00e9pulsifs\u2026). Enfin, la classe a pr\u00e9par\u00e9 ses propres pizzas pour le d\u00eener puis a fini la soir\u00e9e en grillant des chamallows sur un feu de bois et racontant des histoires.\u00a0<\/span><\/p>\n<p style=\"text-align: justify;\"><span style=\"font-weight: 400;\">Le dernier jour, nos \u00e9l\u00e8ves ont effectu\u00e9 une petite randonn\u00e9e afin d\u2019observer les esp\u00e8ces d\u2019oiseaux, avant de prendre la route du retour.\u00a0<\/span><\/p>\n<p style=\"text-align: justify;\"><span style=\"font-weight: 400;\">Chaque jour, plusieurs \u00e9l\u00e8ves ont r\u00e9alis\u00e9 un podcast pour raconter leurs activit\u00e9s du jour, leurs apprentissages et partager leur ressenti avec la communaut\u00e9 de parents d&rsquo;\u00e9l\u00e8ves. Si vous souhaitez revivre leur aventure, nous vous invitons \u00e0 vous plonger dans l\u2019\u00e9coute de ces quatre \u00e9pisodes, qui sont disponibles ci-dessous.\u00a0<\/span><\/p>\n<p>&nbsp;<\/p>\n<div style=\"width: 100%;\">\n<div style=\"position: relative; padding-bottom: 56.25%; padding-top: 0; height: 0;\"><iframe loading=\"lazy\" style=\"position: absolute; top: 0; left: 0; width: 100%; height: 100%;\" title=\"Classe verte CM2\" src=\"https:\/\/view.genial.ly\/65ce36b91b1bc30014bdfd65\" width=\"1200px\" height=\"675px\" frameborder=\"0\" scrolling=\"yes\" allowfullscreen=\"allowfullscreen\"><\/iframe><\/div>\n<\/div>\n","protected":false},"excerpt":{"rendered":"<p>Pendant quatre jours, du 6 au 9 mars 2024, nos \u00e9l\u00e8ves de CM2 ont pu b\u00e9n\u00e9ficier d\u2019une classe verte \u00e0 Kembu Farm. Leurs enseignantes, Mme Boulanger et Mme Longin, ont veill\u00e9 \u00e0 ce que les activit\u00e9s propos\u00e9es soient en lien avec les th\u00e9matiques abord\u00e9es en classe, afin de lier apprentissage th\u00e9orique et pratique.\u00a0 Apr\u00e8s un&hellip;<\/p>\n","protected":false},"author":11,"featured_media":7125,"comment_status":"open","ping_status":"open","sticky":false,"template":"","format":"video","meta":{"ngg_post_thumbnail":0,"footnotes":""},"categories":[170],"tags":[],"thb-sponsors":[],"class_list":["post-7124","post","type-post","status-publish","format-video","has-post-thumbnail","hentry","category-actualites","post_format-post-format-video"],"_links":{"self":[{"href":"https:\/\/diderot.ac.ke\/fr\/wp-json\/wp\/v2\/posts\/7124","targetHints":{"allow":["GET"]}}],"collection":[{"href":"https:\/\/diderot.ac.ke\/fr\/wp-json\/wp\/v2\/posts"}],"about":[{"href":"https:\/\/diderot.ac.ke\/fr\/wp-json\/wp\/v2\/types\/post"}],"author":[{"embeddable":true,"href":"https:\/\/diderot.ac.ke\/fr\/wp-json\/wp\/v2\/users\/11"}],"replies":[{"embeddable":true,"href":"https:\/\/diderot.ac.ke\/fr\/wp-json\/wp\/v2\/comments?post=7124"}],"version-history":[{"count":1,"href":"https:\/\/diderot.ac.ke\/fr\/wp-json\/wp\/v2\/posts\/7124\/revisions"}],"predecessor-version":[{"id":7127,"href":"https:\/\/diderot.ac.ke\/fr\/wp-json\/wp\/v2\/posts\/7124\/revisions\/7127"}],"wp:featuredmedia":[{"embeddable":true,"href":"https:\/\/diderot.ac.ke\/fr\/wp-json\/wp\/v2\/media\/7125"}],"wp:attachment":[{"href":"https:\/\/diderot.ac.ke\/fr\/wp-json\/wp\/v2\/media?parent=7124"}],"wp:term":[{"taxonomy":"category","embeddable":true,"href":"https:\/\/diderot.ac.ke\/fr\/wp-json\/wp\/v2\/categories?post=7124"},{"taxonomy":"post_tag","embeddable":true,"href":"https:\/\/diderot.ac.ke\/fr\/wp-json\/wp\/v2\/tags?post=7124"},{"taxonomy":"thb-sponsors","embeddable":true,"href":"https:\/\/diderot.ac.ke\/fr\/wp-json\/wp\/v2\/thb-sponsors?post=7124"}],"curies":[{"name":"wp","href":"https:\/\/api.w.org\/{rel}","templated":true}]}}