{"id":9629,"date":"2025-03-08T10:00:16","date_gmt":"2025-03-08T07:00:16","guid":{"rendered":"https:\/\/diderot.ac.ke\/?p=9629"},"modified":"2025-02-24T16:14:16","modified_gmt":"2025-02-24T13:14:16","slug":"musique-et-engagement-nos-eleves-celebrent-la-journee-internationale-des-droits-des-femmes-2","status":"publish","type":"post","link":"https:\/\/diderot.ac.ke\/fr\/musique-et-engagement-nos-eleves-celebrent-la-journee-internationale-des-droits-des-femmes-2\/","title":{"rendered":"Musique et engagement : Nos \u00e9l\u00e8ves c\u00e9l\u00e8brent la Journ\u00e9e Internationale des Droits des Femmes !"},"content":{"rendered":"<p data-start=\"131\" data-end=\"460\">\u00c0 l\u2019occasion de la Journ\u00e9e Internationale des Droits des Femmes, les \u00e9l\u00e8ves de Premi\u00e8re du LFIDD ont souhait\u00e9 rendre hommage aux grandes figures f\u00e9minines qui ont marqu\u00e9 l\u2019histoire et la culture. Pour cela, ils vous proposent une playlist sp\u00e9ciale, mettant en avant des artistes f\u00e9minines influentes de divers horizons.<\/p>\n<p data-start=\"462\" data-end=\"752\">Mais ce n\u2019est pas tout ! \u00c0 partir du 10 mars, des affiches seront install\u00e9es dans l\u2019\u00e9tablissement pour mettre en lumi\u00e8re des femmes inspirantes qui ont chang\u00e9 le monde. Une belle fa\u00e7on d\u2019inviter toute la communaut\u00e9 scolaire \u00e0 la r\u00e9flexion et \u00e0 la d\u00e9couverte de parcours exceptionnels.<\/p>\n<p data-start=\"754\" data-end=\"857\">Merci aux \u00e9l\u00e8ves de Premi\u00e8re pour cette initiative qui allie culture, engagement et sensibilisation !<\/p>\n","protected":false},"excerpt":{"rendered":"<p>\u00c0 l\u2019occasion de la Journ\u00e9e Internationale des Droits des Femmes, les \u00e9l\u00e8ves de Premi\u00e8re du LFIDD ont souhait\u00e9 rendre hommage aux grandes figures f\u00e9minines qui ont marqu\u00e9 l\u2019histoire et la culture. Pour cela, ils vous proposent une playlist sp\u00e9ciale, mettant en avant des artistes f\u00e9minines influentes de divers horizons. Mais ce n\u2019est pas tout !&hellip;<\/p>\n","protected":false},"author":13,"featured_media":9620,"comment_status":"open","ping_status":"open","sticky":false,"template":"","format":"standard","meta":{"ngg_post_thumbnail":0,"footnotes":""},"categories":[170],"tags":[],"thb-sponsors":[],"class_list":["post-9629","post","type-post","status-publish","format-standard","has-post-thumbnail","hentry","category-actualites"],"_links":{"self":[{"href":"https:\/\/diderot.ac.ke\/fr\/wp-json\/wp\/v2\/posts\/9629","targetHints":{"allow":["GET"]}}],"collection":[{"href":"https:\/\/diderot.ac.ke\/fr\/wp-json\/wp\/v2\/posts"}],"about":[{"href":"https:\/\/diderot.ac.ke\/fr\/wp-json\/wp\/v2\/types\/post"}],"author":[{"embeddable":true,"href":"https:\/\/diderot.ac.ke\/fr\/wp-json\/wp\/v2\/users\/13"}],"replies":[{"embeddable":true,"href":"https:\/\/diderot.ac.ke\/fr\/wp-json\/wp\/v2\/comments?post=9629"}],"version-history":[{"count":1,"href":"https:\/\/diderot.ac.ke\/fr\/wp-json\/wp\/v2\/posts\/9629\/revisions"}],"predecessor-version":[{"id":9630,"href":"https:\/\/diderot.ac.ke\/fr\/wp-json\/wp\/v2\/posts\/9629\/revisions\/9630"}],"wp:featuredmedia":[{"embeddable":true,"href":"https:\/\/diderot.ac.ke\/fr\/wp-json\/wp\/v2\/media\/9620"}],"wp:attachment":[{"href":"https:\/\/diderot.ac.ke\/fr\/wp-json\/wp\/v2\/media?parent=9629"}],"wp:term":[{"taxonomy":"category","embeddable":true,"href":"https:\/\/diderot.ac.ke\/fr\/wp-json\/wp\/v2\/categories?post=9629"},{"taxonomy":"post_tag","embeddable":true,"href":"https:\/\/diderot.ac.ke\/fr\/wp-json\/wp\/v2\/tags?post=9629"},{"taxonomy":"thb-sponsors","embeddable":true,"href":"https:\/\/diderot.ac.ke\/fr\/wp-json\/wp\/v2\/thb-sponsors?post=9629"}],"curies":[{"name":"wp","href":"https:\/\/api.w.org\/{rel}","templated":true}]}}