{"id":9960,"date":"2025-04-09T20:00:28","date_gmt":"2025-04-09T17:00:28","guid":{"rendered":"https:\/\/diderot.ac.ke\/?p=9960"},"modified":"2025-04-08T11:30:33","modified_gmt":"2025-04-08T08:30:33","slug":"lancement-du-programme-phare-au-lfidd-une-communaute-engagee-contre-le-harcelement-scolaire","status":"publish","type":"post","link":"https:\/\/diderot.ac.ke\/fr\/lancement-du-programme-phare-au-lfidd-une-communaute-engagee-contre-le-harcelement-scolaire\/","title":{"rendered":"Lancement du programme pHARe au LFIDD : une communaut\u00e9 engag\u00e9e contre le harc\u00e8lement scolaire"},"content":{"rendered":"<p class=\"\" data-start=\"318\" data-end=\"637\">Ce mercredi, l\u2019ensemble des \u00e9quipes du Lyc\u00e9e Fran\u00e7ais International Denis Diderot \u2013 enseignants, personnels \u00e9ducatifs, administratifs, et membres de la direction \u2013 s\u2019est r\u00e9uni pour une formation d\u00e9di\u00e9e au lancement du programme <strong data-start=\"546\" data-end=\"555\">pHARe<\/strong>, un dispositif national de pr\u00e9vention et de lutte contre le harc\u00e8lement scolaire.<\/p>\n<p class=\"\" data-start=\"639\" data-end=\"679\">Au programme de cette premi\u00e8re journ\u00e9e :<\/p>\n<ul data-start=\"680\" data-end=\"954\">\n<li class=\"\" data-start=\"680\" data-end=\"749\">\n<p class=\"\" data-start=\"682\" data-end=\"749\">Un point d\u2019\u00e9tape sur le climat scolaire et le bien-\u00eatre des \u00e9l\u00e8ves,<\/p>\n<\/li>\n<li class=\"\" data-start=\"750\" data-end=\"788\">\n<p class=\"\" data-start=\"752\" data-end=\"788\">Une pr\u00e9sentation du programme pHARe,<\/p>\n<\/li>\n<li class=\"\" data-start=\"789\" data-end=\"885\">\n<p class=\"\" data-start=\"791\" data-end=\"885\">Une introduction \u00e0 la prise en charge \u00e9thique et m\u00e9thodologique des situations de harc\u00e8lement,<\/p>\n<\/li>\n<li class=\"\" data-start=\"886\" data-end=\"954\">\n<p class=\"\" data-start=\"888\" data-end=\"954\">Le partage d\u2019un langage commun et de principes d\u2019action efficaces.<\/p>\n<\/li>\n<\/ul>\n<p class=\"\" data-start=\"956\" data-end=\"1251\">Une formation men\u00e9e avec clart\u00e9 et conviction par <strong data-start=\"1006\" data-end=\"1027\">Val\u00e9rie Boulanger<\/strong>, qui a su mobiliser toutes les \u00e9quipes autour de cet enjeu fondamental pour notre \u00e9tablissement.<br data-start=\"1124\" data-end=\"1127\">Les prochaines \u00e9tapes du programme sont d\u2019ores et d\u00e9j\u00e0 lanc\u00e9es : formation des \u00e9quipes ressources et des \u00e9quipes programmes.<\/p>\n<p class=\"\" data-start=\"1253\" data-end=\"1349\">Ensemble, poursuivons notre engagement pour une \u00e9cole inclusive, bienveillante et protectrice.<\/p>\n<p data-start=\"1253\" data-end=\"1349\">&nbsp;<\/p>\nngg_shortcode_0_placeholder\n","protected":false},"excerpt":{"rendered":"<p>Ce mercredi, l\u2019ensemble des \u00e9quipes du Lyc\u00e9e Fran\u00e7ais International Denis Diderot \u2013 enseignants, personnels \u00e9ducatifs, administratifs, et membres de la direction \u2013 s\u2019est r\u00e9uni pour une formation d\u00e9di\u00e9e au lancement du programme pHARe, un dispositif national de pr\u00e9vention et de lutte contre le harc\u00e8lement scolaire. Au programme de cette premi\u00e8re journ\u00e9e : Un point d\u2019\u00e9tape&hellip;<\/p>\n","protected":false},"author":13,"featured_media":9961,"comment_status":"open","ping_status":"open","sticky":false,"template":"","format":"standard","meta":{"ngg_post_thumbnail":0,"footnotes":""},"categories":[170],"tags":[],"thb-sponsors":[],"class_list":["post-9960","post","type-post","status-publish","format-standard","has-post-thumbnail","hentry","category-actualites"],"_links":{"self":[{"href":"https:\/\/diderot.ac.ke\/fr\/wp-json\/wp\/v2\/posts\/9960","targetHints":{"allow":["GET"]}}],"collection":[{"href":"https:\/\/diderot.ac.ke\/fr\/wp-json\/wp\/v2\/posts"}],"about":[{"href":"https:\/\/diderot.ac.ke\/fr\/wp-json\/wp\/v2\/types\/post"}],"author":[{"embeddable":true,"href":"https:\/\/diderot.ac.ke\/fr\/wp-json\/wp\/v2\/users\/13"}],"replies":[{"embeddable":true,"href":"https:\/\/diderot.ac.ke\/fr\/wp-json\/wp\/v2\/comments?post=9960"}],"version-history":[{"count":1,"href":"https:\/\/diderot.ac.ke\/fr\/wp-json\/wp\/v2\/posts\/9960\/revisions"}],"predecessor-version":[{"id":9970,"href":"https:\/\/diderot.ac.ke\/fr\/wp-json\/wp\/v2\/posts\/9960\/revisions\/9970"}],"wp:featuredmedia":[{"embeddable":true,"href":"https:\/\/diderot.ac.ke\/fr\/wp-json\/wp\/v2\/media\/9961"}],"wp:attachment":[{"href":"https:\/\/diderot.ac.ke\/fr\/wp-json\/wp\/v2\/media?parent=9960"}],"wp:term":[{"taxonomy":"category","embeddable":true,"href":"https:\/\/diderot.ac.ke\/fr\/wp-json\/wp\/v2\/categories?post=9960"},{"taxonomy":"post_tag","embeddable":true,"href":"https:\/\/diderot.ac.ke\/fr\/wp-json\/wp\/v2\/tags?post=9960"},{"taxonomy":"thb-sponsors","embeddable":true,"href":"https:\/\/diderot.ac.ke\/fr\/wp-json\/wp\/v2\/thb-sponsors?post=9960"}],"curies":[{"name":"wp","href":"https:\/\/api.w.org\/{rel}","templated":true}]}}