{"id":261,"count":0,"description":"","link":"https:\/\/diderot.ac.ke\/fr\/tag\/education-et-bien-etre-des-eleves\/","name":"\u00c9ducation et bien-\u00eatre des \u00e9l\u00e8ves","slug":"education-et-bien-etre-des-eleves","taxonomy":"post_tag","meta":[],"_links":{"self":[{"href":"https:\/\/diderot.ac.ke\/fr\/wp-json\/wp\/v2\/tags\/261","targetHints":{"allow":["GET"]}}],"collection":[{"href":"https:\/\/diderot.ac.ke\/fr\/wp-json\/wp\/v2\/tags"}],"about":[{"href":"https:\/\/diderot.ac.ke\/fr\/wp-json\/wp\/v2\/taxonomies\/post_tag"}],"wp:post_type":[{"href":"https:\/\/diderot.ac.ke\/fr\/wp-json\/wp\/v2\/posts?tags=261"},{"href":"https:\/\/diderot.ac.ke\/fr\/wp-json\/wp\/v2\/tribe_events?tags=261"},{"href":"https:\/\/diderot.ac.ke\/fr\/wp-json\/wp\/v2\/tec_calendar_embed?tags=261"}],"curies":[{"name":"wp","href":"https:\/\/api.w.org\/{rel}","templated":true}]}}